{"id":7559,"date":"2021-07-23T13:13:40","date_gmt":"2021-07-23T13:13:40","guid":{"rendered":"https:\/\/calftel.local\/?p=7559"},"modified":"2021-07-27T18:52:40","modified_gmt":"2021-07-27T18:52:40","slug":"heidi-fischer-wins-calf-tel-producer-of-the-month","status":"publish","type":"post","link":"https:\/\/calftel.com\/fr\/calf-corner\/heidi-fischer-wins-calf-tel-producer-of-the-month\/","title":{"rendered":"Heidi Fischer Wins Calf-Tel Producer of The Month"},"content":{"rendered":"\n<div class=\"wp-block-columns is-layout-flex wp-container-core-columns-is-layout-9d6595d7 wp-block-columns-is-layout-flex\">\n<div class=\"wp-block-column is-layout-flow wp-block-column-is-layout-flow\">\n<p>In early June, Calf-Tel kicked off the first Producer of the Month contest. Nominees were asked to submit answers to a variety of questions for an opportunity to win tickets to a Milwaukee Milkmen game!<strong><\/strong><\/p>\n\n\n\n<p>We are pleased to announce that Heidi Fischer, Manager of Calves and Operations at Fischer-Clark Dairy in Hatley, Wisconsin, is July\u2019s Calf-Tel Producer of the Month! Heidi has been in the dairy industry for 6.5 years and is the board secretary for both Edge Dairy Farmer Cooperative and Partnership for Progressive Agriculture of Marathon County. Fischer-Clark Dairy currently milks 925 cows and raises 125 calves.<\/p>\n\n\n\n<p>Check out Heidi\u2019s answers to a few questions we asked her!<\/p>\n<\/div>\n\n\n\n<div class=\"wp-block-column is-layout-flow wp-block-column-is-layout-flow\">\n<figure class=\"wp-block-image size-large is-resized\"><img loading=\"lazy\" decoding=\"async\" src=\"https:\/\/calftel.com\/wp-content\/uploads\/2021\/07\/Heidi-Fischer.jpg\" alt=\"\" class=\"wp-image-7579\" width=\"369\" height=\"458\" srcset=\"https:\/\/calftel.com\/wp-content\/uploads\/2021\/07\/Heidi-Fischer.jpg 360w, https:\/\/calftel.com\/wp-content\/uploads\/2021\/07\/Heidi-Fischer-242x300.jpg 242w\" sizes=\"auto, (max-width: 369px) 100vw, 369px\" \/><\/figure>\n<\/div>\n<\/div>\n\n\n\n<p><strong>History of Fischer-Clark Dairy<\/strong><\/p>\n\n\n\n<p>\u201cOur farm was started in 1972 by my father-in-law and mother-in-law with 8 cows; growth has been constant. We went from a tie-stall barn to a retro-fitted double-eight parlor, to the new double-20 we installed in 2015, currently milking 925 cows. Our cows maintain a rolling herd average of 32,651 lbs. of milk, a 4.25% butter fat and a 3.25% protein, all while averaging a somatic cell count below 100,000 each month. The facilities have been updated to match the growth of our herd, with a focus on efficiency. We recently remodeled our transition cow barn to a tunnel-ventilated barn to complement the other tunnel-ventilated barn, which now both house milking cows. A new heifer facility was constructed in 2012, and expanded on in 2015 in preparation for the latest milking herd growth in 2016. A new calf barn was constructed in 2017, doubling the size of the current one. And a new young-stock heifer facility was built in 2018. Jon (son\/partner) started farming with his parents after high school. I (wife of Jon\/partner) joined the farm in 2014 to be more available for our two young daughters.\u201d<\/p>\n\n\n\n<p><strong>Is your farm a family farm? If so, how many generations has the farm been in the family?<\/strong><\/p>\n\n\n\n<p>\u201cOur farm is starting to be a multi-generational farm as we have begun the process of transitioning.\u201d<\/p>\n\n\n\n<p><strong>What makes your operation unique?<\/strong><\/p>\n\n\n\n<p>\u201cWhat makes our operation unique is our focus on efficiency and details. Whether it is putting up a new building or implementing a new work flow \u2013 it has to make sense and it has to be efficient. Our goal is to have as few touches as possible with our animals so they can spend their time being calves, heifers and cows.\u201d<\/p>\n\n\n\n<p><strong>How do you balance your career and family?<\/strong><\/p>\n\n\n\n<p>\u201cBalancing family and the farm is always a challenge. When possible, I like to bring my kids to the farm with me \u2013 age 16 and 8, and have them work alongside of me. We can spend time together and accomplish a goal. We do try to set aside time twice a year for a family vacation. Whether it is a long weekend up north, or even a vacation that is an extension of a conference at a fun location. We always try to make the most of our time together. And we have a rule for when we are on vacation. When we go into a restaurant, phones are either turned off or left in the car. Having those moments to sit down, focus on the kids, have good discussion is what it\u2019s all about.\u201d<\/p>\n\n\n\n<p><strong>What is an important lesson you\u2019ve learned working in the dairy industry?<\/strong><\/p>\n\n\n\n<p><a><span class=\"has-inline-color has-black-color\">\u201cI\u2019ve learned so many lessons \u2013 the minute you conquer something, there is always something else to conquer. Just because something didn\u2019t turn out the way you expected it to, doesn\u2019t mean it was a failure if you took something from it. Just because everyone else is doing it, doesn\u2019t mean you should! It may not work for your business plan, operation, work flow, etc. I learned this with feeding 4 quarts of milk, twice a day to my calves. I just wasn\u2019t getting the rate of gains I had hoped to be getting. And the starter intake was not where I wanted it to be. We dropped the feeding amount to 3 quarts, twice a day and saw starter intake increase as well as the rate of gain. When feeding 4 quarts of milk, this was satisfying their appetite enough that they didn\u2019t need to eat the grain.\u201d<\/span><\/a><\/p>\n\n\n\n<p><strong>Who has influenced you most when it comes to how you approach your work? Why?<\/strong><\/p>\n\n\n\n<p>\u201cI worked off the farm in a few different corporate settings. I\u2019ve had good managers and bad ones, and so much of what I do on a day-to-day basis is drawn from each of the types of managers I\u2019ve had. I know what a good manager is capable of \u2013 and I know what my employees don\u2019t want in a manager through my own experiences. So, between the two I try to be as accessible, encouraging, honest, and as fair as I can be.<\/p>\n\n\n\n<p>I always stress to my employees that I have an open-door policy no matter the issue. Plus, I love when they come to me with a new idea or way of managing a certain task. When I interview them for a position, I tell them that I am the bulldozer. If they have an idea or want to try something, they let me know. I will get the tools and resources needed to get it done. I\u2019m there all along the way to help them succeed. One thing you will not hear on our farm is, \u201cBut that\u2019s the way we\u2019ve always done it\u201d. If there is a better, smarter, more efficient way of doing something, why not?!\u201d<\/p>\n\n\n\n<p>Want to be Calf-Tel\u2019s next Producer of the Month? Stay tuned to Calf-Tel\u2019s <a href=\"https:\/\/www.facebook.com\/calftel\" data-type=\"URL\" data-id=\"https:\/\/www.facebook.com\/calftel\">Facebook<\/a> and <a href=\"https:\/\/www.instagram.com\/calf_tel\/\" data-type=\"URL\" data-id=\"https:\/\/www.instagram.com\/calf_tel\/\">Instagram<\/a> page for upcoming details! Or, sign up for our Calf-Tel newsletter!<\/p>\n","protected":false},"excerpt":{"rendered":"","protected":false},"author":3,"featured_media":7560,"comment_status":"closed","ping_status":"open","sticky":false,"template":"","format":"standard","meta":{"_acf_changed":false,"footnotes":""},"categories":[76],"tags":[],"class_list":["post-7559","post","type-post","status-publish","format-standard","has-post-thumbnail","hentry","category-news"],"acf":[],"yoast_head":"<!-- This site is optimized with the Yoast SEO plugin v27.4 - https:\/\/yoast.com\/product\/yoast-seo-wordpress\/ -->\n<title>Heidi Fischer Wins Calf-Tel Producer of The Month - Calf-Tel<\/title>\n<meta name=\"robots\" content=\"index, follow, max-snippet:-1, max-image-preview:large, max-video-preview:-1\" \/>\n<link rel=\"canonical\" href=\"https:\/\/calftel.com\/fr\/calf-corner\/heidi-fischer-wins-calf-tel-producer-of-the-month\/\" \/>\n<meta property=\"og:locale\" content=\"fr_FR\" \/>\n<meta property=\"og:type\" content=\"article\" \/>\n<meta property=\"og:title\" content=\"Heidi Fischer Wins Calf-Tel Producer of The Month - Calf-Tel\" \/>\n<meta property=\"og:url\" content=\"https:\/\/calftel.com\/fr\/calf-corner\/heidi-fischer-wins-calf-tel-producer-of-the-month\/\" \/>\n<meta property=\"og:site_name\" content=\"Calf-Tel\" \/>\n<meta property=\"article:publisher\" content=\"https:\/\/www.facebook.com\/calftel\/\" \/>\n<meta property=\"article:published_time\" content=\"2021-07-23T13:13:40+00:00\" \/>\n<meta property=\"article:modified_time\" content=\"2021-07-27T18:52:40+00:00\" \/>\n<meta property=\"og:image\" content=\"https:\/\/calftel.com\/wp-content\/uploads\/2021\/07\/Heidi.jpg\" \/>\n\t<meta property=\"og:image:width\" content=\"462\" \/>\n\t<meta property=\"og:image:height\" content=\"349\" \/>\n\t<meta property=\"og:image:type\" content=\"image\/jpeg\" \/>\n<meta name=\"author\" content=\"Ashley Hansen\" \/>\n<meta name=\"twitter:card\" content=\"summary_large_image\" \/>\n<meta name=\"twitter:label1\" content=\"\u00c9crit par\" \/>\n\t<meta name=\"twitter:data1\" content=\"Ashley Hansen\" \/>\n\t<meta name=\"twitter:label2\" content=\"Dur\u00e9e de lecture estim\u00e9e\" \/>\n\t<meta name=\"twitter:data2\" content=\"5 minutes\" \/>\n<script type=\"application\/ld+json\" class=\"yoast-schema-graph\">{\"@context\":\"https:\\\/\\\/schema.org\",\"@graph\":[{\"@type\":\"Article\",\"@id\":\"https:\\\/\\\/calftel.com\\\/fr\\\/calf-corner\\\/heidi-fischer-wins-calf-tel-producer-of-the-month\\\/#article\",\"isPartOf\":{\"@id\":\"https:\\\/\\\/calftel.com\\\/fr\\\/calf-corner\\\/heidi-fischer-wins-calf-tel-producer-of-the-month\\\/\"},\"author\":{\"name\":\"Ashley Hansen\",\"@id\":\"https:\\\/\\\/calftel.com\\\/fr\\\/#\\\/schema\\\/person\\\/f99fd21fff1501de0fd32ec5d5a152c9\"},\"headline\":\"Heidi Fischer Wins Calf-Tel Producer of The Month\",\"datePublished\":\"2021-07-23T13:13:40+00:00\",\"dateModified\":\"2021-07-27T18:52:40+00:00\",\"mainEntityOfPage\":{\"@id\":\"https:\\\/\\\/calftel.com\\\/fr\\\/calf-corner\\\/heidi-fischer-wins-calf-tel-producer-of-the-month\\\/\"},\"wordCount\":956,\"publisher\":{\"@id\":\"https:\\\/\\\/calftel.com\\\/fr\\\/#organization\"},\"image\":{\"@id\":\"https:\\\/\\\/calftel.com\\\/fr\\\/calf-corner\\\/heidi-fischer-wins-calf-tel-producer-of-the-month\\\/#primaryimage\"},\"thumbnailUrl\":\"https:\\\/\\\/calftel.com\\\/wp-content\\\/uploads\\\/2021\\\/07\\\/Heidi.jpg\",\"articleSection\":[\"News\"],\"inLanguage\":\"fr-FR\"},{\"@type\":\"WebPage\",\"@id\":\"https:\\\/\\\/calftel.com\\\/fr\\\/calf-corner\\\/heidi-fischer-wins-calf-tel-producer-of-the-month\\\/\",\"url\":\"https:\\\/\\\/calftel.com\\\/fr\\\/calf-corner\\\/heidi-fischer-wins-calf-tel-producer-of-the-month\\\/\",\"name\":\"Heidi Fischer Wins Calf-Tel Producer of The Month - Calf-Tel\",\"isPartOf\":{\"@id\":\"https:\\\/\\\/calftel.com\\\/fr\\\/#website\"},\"primaryImageOfPage\":{\"@id\":\"https:\\\/\\\/calftel.com\\\/fr\\\/calf-corner\\\/heidi-fischer-wins-calf-tel-producer-of-the-month\\\/#primaryimage\"},\"image\":{\"@id\":\"https:\\\/\\\/calftel.com\\\/fr\\\/calf-corner\\\/heidi-fischer-wins-calf-tel-producer-of-the-month\\\/#primaryimage\"},\"thumbnailUrl\":\"https:\\\/\\\/calftel.com\\\/wp-content\\\/uploads\\\/2021\\\/07\\\/Heidi.jpg\",\"datePublished\":\"2021-07-23T13:13:40+00:00\",\"dateModified\":\"2021-07-27T18:52:40+00:00\",\"breadcrumb\":{\"@id\":\"https:\\\/\\\/calftel.com\\\/fr\\\/calf-corner\\\/heidi-fischer-wins-calf-tel-producer-of-the-month\\\/#breadcrumb\"},\"inLanguage\":\"fr-FR\",\"potentialAction\":[{\"@type\":\"ReadAction\",\"target\":[\"https:\\\/\\\/calftel.com\\\/fr\\\/calf-corner\\\/heidi-fischer-wins-calf-tel-producer-of-the-month\\\/\"]}]},{\"@type\":\"ImageObject\",\"inLanguage\":\"fr-FR\",\"@id\":\"https:\\\/\\\/calftel.com\\\/fr\\\/calf-corner\\\/heidi-fischer-wins-calf-tel-producer-of-the-month\\\/#primaryimage\",\"url\":\"https:\\\/\\\/calftel.com\\\/wp-content\\\/uploads\\\/2021\\\/07\\\/Heidi.jpg\",\"contentUrl\":\"https:\\\/\\\/calftel.com\\\/wp-content\\\/uploads\\\/2021\\\/07\\\/Heidi.jpg\",\"width\":462,\"height\":349},{\"@type\":\"BreadcrumbList\",\"@id\":\"https:\\\/\\\/calftel.com\\\/fr\\\/calf-corner\\\/heidi-fischer-wins-calf-tel-producer-of-the-month\\\/#breadcrumb\",\"itemListElement\":[{\"@type\":\"ListItem\",\"position\":1,\"name\":\"Home\",\"item\":\"https:\\\/\\\/calftel.com\\\/fr\\\/calf-housing\\\/\"},{\"@type\":\"ListItem\",\"position\":2,\"name\":\"Heidi Fischer Wins Calf-Tel Producer of The Month\"}]},{\"@type\":\"WebSite\",\"@id\":\"https:\\\/\\\/calftel.com\\\/fr\\\/#website\",\"url\":\"https:\\\/\\\/calftel.com\\\/fr\\\/\",\"name\":\"Calf-Tel\",\"description\":\"Calf Hutch Experts\",\"publisher\":{\"@id\":\"https:\\\/\\\/calftel.com\\\/fr\\\/#organization\"},\"potentialAction\":[{\"@type\":\"SearchAction\",\"target\":{\"@type\":\"EntryPoint\",\"urlTemplate\":\"https:\\\/\\\/calftel.com\\\/fr\\\/?s={search_term_string}\"},\"query-input\":{\"@type\":\"PropertyValueSpecification\",\"valueRequired\":true,\"valueName\":\"search_term_string\"}}],\"inLanguage\":\"fr-FR\"},{\"@type\":\"Organization\",\"@id\":\"https:\\\/\\\/calftel.com\\\/fr\\\/#organization\",\"name\":\"Calf-Tel by Hampel\",\"url\":\"https:\\\/\\\/calftel.com\\\/fr\\\/\",\"logo\":{\"@type\":\"ImageObject\",\"inLanguage\":\"fr-FR\",\"@id\":\"https:\\\/\\\/calftel.com\\\/fr\\\/#\\\/schema\\\/logo\\\/image\\\/\",\"url\":\"https:\\\/\\\/calftel.com\\\/wp-content\\\/uploads\\\/2021\\\/11\\\/Hampels-CalfTel-USA-EST-1981-Color.png\",\"contentUrl\":\"https:\\\/\\\/calftel.com\\\/wp-content\\\/uploads\\\/2021\\\/11\\\/Hampels-CalfTel-USA-EST-1981-Color.png\",\"width\":1080,\"height\":516,\"caption\":\"Calf-Tel by Hampel\"},\"image\":{\"@id\":\"https:\\\/\\\/calftel.com\\\/fr\\\/#\\\/schema\\\/logo\\\/image\\\/\"},\"sameAs\":[\"https:\\\/\\\/www.facebook.com\\\/calftel\\\/\",\"https:\\\/\\\/www.instagram.com\\\/calftel\\\/\",\"https:\\\/\\\/linkedin.com\\\/company\\\/calf-tel\\\/\",\"https:\\\/\\\/www.youtube.com\\\/channel\\\/UCq73euoWhx5k1kOjHBHXM_g\"]},{\"@type\":\"Person\",\"@id\":\"https:\\\/\\\/calftel.com\\\/fr\\\/#\\\/schema\\\/person\\\/f99fd21fff1501de0fd32ec5d5a152c9\",\"name\":\"Ashley Hansen\",\"image\":{\"@type\":\"ImageObject\",\"inLanguage\":\"fr-FR\",\"@id\":\"https:\\\/\\\/secure.gravatar.com\\\/avatar\\\/d46de5f0f7029c2fd5b98d3e0227c3ad094834a35b68ab191639188beecea735?s=96&d=mm&r=g\",\"url\":\"https:\\\/\\\/secure.gravatar.com\\\/avatar\\\/d46de5f0f7029c2fd5b98d3e0227c3ad094834a35b68ab191639188beecea735?s=96&d=mm&r=g\",\"contentUrl\":\"https:\\\/\\\/secure.gravatar.com\\\/avatar\\\/d46de5f0f7029c2fd5b98d3e0227c3ad094834a35b68ab191639188beecea735?s=96&d=mm&r=g\",\"caption\":\"Ashley Hansen\"},\"url\":\"https:\\\/\\\/calftel.com\\\/fr\\\/calf-corner\\\/author\\\/ahansen\\\/\"}]}<\/script>\n<!-- \/ Yoast SEO plugin. -->","yoast_head_json":{"title":"Heidi Fischer Wins Calf-Tel Producer of The Month - Calf-Tel","robots":{"index":"index","follow":"follow","max-snippet":"max-snippet:-1","max-image-preview":"max-image-preview:large","max-video-preview":"max-video-preview:-1"},"canonical":"https:\/\/calftel.com\/fr\/calf-corner\/heidi-fischer-wins-calf-tel-producer-of-the-month\/","og_locale":"fr_FR","og_type":"article","og_title":"Heidi Fischer Wins Calf-Tel Producer of The Month - Calf-Tel","og_url":"https:\/\/calftel.com\/fr\/calf-corner\/heidi-fischer-wins-calf-tel-producer-of-the-month\/","og_site_name":"Calf-Tel","article_publisher":"https:\/\/www.facebook.com\/calftel\/","article_published_time":"2021-07-23T13:13:40+00:00","article_modified_time":"2021-07-27T18:52:40+00:00","og_image":[{"width":462,"height":349,"url":"https:\/\/calftel.com\/wp-content\/uploads\/2021\/07\/Heidi.jpg","type":"image\/jpeg"}],"author":"Ashley Hansen","twitter_card":"summary_large_image","twitter_misc":{"\u00c9crit par":"Ashley Hansen","Dur\u00e9e de lecture estim\u00e9e":"5 minutes"},"schema":{"@context":"https:\/\/schema.org","@graph":[{"@type":"Article","@id":"https:\/\/calftel.com\/fr\/calf-corner\/heidi-fischer-wins-calf-tel-producer-of-the-month\/#article","isPartOf":{"@id":"https:\/\/calftel.com\/fr\/calf-corner\/heidi-fischer-wins-calf-tel-producer-of-the-month\/"},"author":{"name":"Ashley Hansen","@id":"https:\/\/calftel.com\/fr\/#\/schema\/person\/f99fd21fff1501de0fd32ec5d5a152c9"},"headline":"Heidi Fischer Wins Calf-Tel Producer of The Month","datePublished":"2021-07-23T13:13:40+00:00","dateModified":"2021-07-27T18:52:40+00:00","mainEntityOfPage":{"@id":"https:\/\/calftel.com\/fr\/calf-corner\/heidi-fischer-wins-calf-tel-producer-of-the-month\/"},"wordCount":956,"publisher":{"@id":"https:\/\/calftel.com\/fr\/#organization"},"image":{"@id":"https:\/\/calftel.com\/fr\/calf-corner\/heidi-fischer-wins-calf-tel-producer-of-the-month\/#primaryimage"},"thumbnailUrl":"https:\/\/calftel.com\/wp-content\/uploads\/2021\/07\/Heidi.jpg","articleSection":["News"],"inLanguage":"fr-FR"},{"@type":"WebPage","@id":"https:\/\/calftel.com\/fr\/calf-corner\/heidi-fischer-wins-calf-tel-producer-of-the-month\/","url":"https:\/\/calftel.com\/fr\/calf-corner\/heidi-fischer-wins-calf-tel-producer-of-the-month\/","name":"Heidi Fischer Wins Calf-Tel Producer of The Month - Calf-Tel","isPartOf":{"@id":"https:\/\/calftel.com\/fr\/#website"},"primaryImageOfPage":{"@id":"https:\/\/calftel.com\/fr\/calf-corner\/heidi-fischer-wins-calf-tel-producer-of-the-month\/#primaryimage"},"image":{"@id":"https:\/\/calftel.com\/fr\/calf-corner\/heidi-fischer-wins-calf-tel-producer-of-the-month\/#primaryimage"},"thumbnailUrl":"https:\/\/calftel.com\/wp-content\/uploads\/2021\/07\/Heidi.jpg","datePublished":"2021-07-23T13:13:40+00:00","dateModified":"2021-07-27T18:52:40+00:00","breadcrumb":{"@id":"https:\/\/calftel.com\/fr\/calf-corner\/heidi-fischer-wins-calf-tel-producer-of-the-month\/#breadcrumb"},"inLanguage":"fr-FR","potentialAction":[{"@type":"ReadAction","target":["https:\/\/calftel.com\/fr\/calf-corner\/heidi-fischer-wins-calf-tel-producer-of-the-month\/"]}]},{"@type":"ImageObject","inLanguage":"fr-FR","@id":"https:\/\/calftel.com\/fr\/calf-corner\/heidi-fischer-wins-calf-tel-producer-of-the-month\/#primaryimage","url":"https:\/\/calftel.com\/wp-content\/uploads\/2021\/07\/Heidi.jpg","contentUrl":"https:\/\/calftel.com\/wp-content\/uploads\/2021\/07\/Heidi.jpg","width":462,"height":349},{"@type":"BreadcrumbList","@id":"https:\/\/calftel.com\/fr\/calf-corner\/heidi-fischer-wins-calf-tel-producer-of-the-month\/#breadcrumb","itemListElement":[{"@type":"ListItem","position":1,"name":"Home","item":"https:\/\/calftel.com\/fr\/calf-housing\/"},{"@type":"ListItem","position":2,"name":"Heidi Fischer Wins Calf-Tel Producer of The Month"}]},{"@type":"WebSite","@id":"https:\/\/calftel.com\/fr\/#website","url":"https:\/\/calftel.com\/fr\/","name":"Calf-Tel","description":"Calf Hutch Experts","publisher":{"@id":"https:\/\/calftel.com\/fr\/#organization"},"potentialAction":[{"@type":"SearchAction","target":{"@type":"EntryPoint","urlTemplate":"https:\/\/calftel.com\/fr\/?s={search_term_string}"},"query-input":{"@type":"PropertyValueSpecification","valueRequired":true,"valueName":"search_term_string"}}],"inLanguage":"fr-FR"},{"@type":"Organization","@id":"https:\/\/calftel.com\/fr\/#organization","name":"Calf-Tel by Hampel","url":"https:\/\/calftel.com\/fr\/","logo":{"@type":"ImageObject","inLanguage":"fr-FR","@id":"https:\/\/calftel.com\/fr\/#\/schema\/logo\/image\/","url":"https:\/\/calftel.com\/wp-content\/uploads\/2021\/11\/Hampels-CalfTel-USA-EST-1981-Color.png","contentUrl":"https:\/\/calftel.com\/wp-content\/uploads\/2021\/11\/Hampels-CalfTel-USA-EST-1981-Color.png","width":1080,"height":516,"caption":"Calf-Tel by Hampel"},"image":{"@id":"https:\/\/calftel.com\/fr\/#\/schema\/logo\/image\/"},"sameAs":["https:\/\/www.facebook.com\/calftel\/","https:\/\/www.instagram.com\/calftel\/","https:\/\/linkedin.com\/company\/calf-tel\/","https:\/\/www.youtube.com\/channel\/UCq73euoWhx5k1kOjHBHXM_g"]},{"@type":"Person","@id":"https:\/\/calftel.com\/fr\/#\/schema\/person\/f99fd21fff1501de0fd32ec5d5a152c9","name":"Ashley Hansen","image":{"@type":"ImageObject","inLanguage":"fr-FR","@id":"https:\/\/secure.gravatar.com\/avatar\/d46de5f0f7029c2fd5b98d3e0227c3ad094834a35b68ab191639188beecea735?s=96&d=mm&r=g","url":"https:\/\/secure.gravatar.com\/avatar\/d46de5f0f7029c2fd5b98d3e0227c3ad094834a35b68ab191639188beecea735?s=96&d=mm&r=g","contentUrl":"https:\/\/secure.gravatar.com\/avatar\/d46de5f0f7029c2fd5b98d3e0227c3ad094834a35b68ab191639188beecea735?s=96&d=mm&r=g","caption":"Ashley Hansen"},"url":"https:\/\/calftel.com\/fr\/calf-corner\/author\/ahansen\/"}]}},"_links":{"self":[{"href":"https:\/\/calftel.com\/fr\/wp-json\/wp\/v2\/posts\/7559","targetHints":{"allow":["GET"]}}],"collection":[{"href":"https:\/\/calftel.com\/fr\/wp-json\/wp\/v2\/posts"}],"about":[{"href":"https:\/\/calftel.com\/fr\/wp-json\/wp\/v2\/types\/post"}],"author":[{"embeddable":true,"href":"https:\/\/calftel.com\/fr\/wp-json\/wp\/v2\/users\/3"}],"replies":[{"embeddable":true,"href":"https:\/\/calftel.com\/fr\/wp-json\/wp\/v2\/comments?post=7559"}],"version-history":[{"count":0,"href":"https:\/\/calftel.com\/fr\/wp-json\/wp\/v2\/posts\/7559\/revisions"}],"wp:featuredmedia":[{"embeddable":true,"href":"https:\/\/calftel.com\/fr\/wp-json\/wp\/v2\/media\/7560"}],"wp:attachment":[{"href":"https:\/\/calftel.com\/fr\/wp-json\/wp\/v2\/media?parent=7559"}],"wp:term":[{"taxonomy":"category","embeddable":true,"href":"https:\/\/calftel.com\/fr\/wp-json\/wp\/v2\/categories?post=7559"},{"taxonomy":"post_tag","embeddable":true,"href":"https:\/\/calftel.com\/fr\/wp-json\/wp\/v2\/tags?post=7559"}],"curies":[{"name":"wp","href":"https:\/\/api.w.org\/{rel}","templated":true}]}}